{"id":1157,"date":"2022-03-27T14:42:15","date_gmt":"2022-03-27T11:42:15","guid":{"rendered":"http:\/\/atonix.ro\/?p=1157"},"modified":"2022-03-29T14:47:18","modified_gmt":"2022-03-29T11:47:18","slug":"ora-pamantului-eveniment-de-solidaritate-al-proiectului-iubesc-ramnicu-sarat","status":"publish","type":"post","link":"http:\/\/atonix.ro\/?p=1157","title":{"rendered":"ORA P\u0102M\u00c2NTULUI &#8211; Eveniment de solidaritate al proiectului &#8222;Iubesc R\u00e2mnicu S\u0103rat&#8221;"},"content":{"rendered":"<p><strong>a am celebrat ast\u0103zi \u201cOra P\u0103m\u00e2ntului\u201d! \u2b50\ufe0f<br \/>\n<\/strong>Am fost peste 200 \u00een zona central\u0103, acolo unde am c\u00e2ntat, am prezentat semnifica\u021bia zilei, am stins luminile, \u00eens\u0103 am umplut cu lumina candelelor noastre ambientul! Am fost bine de 150 la prim\u0103rie, acolo unde am lansat cele 30 de lampioane spre cer!<\/p>\n<p><strong>\u201cIubESC R\u00e2mnicu S\u0103rat\u201d a fost mesajul serii, transmis cu mult\u0103 solidaritate \u0219i empatie, iar Corpul European de Solidaritate principalul partener al serii!<\/strong><\/p>\n<p>Ne-au fost al\u0103turi oameni dragi, ai comunit\u0103\u021bii, Subprefectul jude\u021bului Buz\u0103u, Gabriel Ilie, Viceprimarul municipiului, Florian Nicolae, cadre didactice, voluntari \u0219i mul\u021bi tineri din comunitate! Al\u0103turi lor, echipa de proiect compus\u0103 din cei 6 membri: Dumitra\u0219cu Ionu\u021b Alexandru, Anca Luiza, C\u00eerjan Alexandru \u2013 Sebastian, Simii Alexa, Rosu Petru, Ramona Vlad \u0219i Florin Ceparu, Pre\u0219edintele organiza\u021biei.<\/p>\n<p><a href=\"http:\/\/atonix.ro\/wp-content\/uploads\/2022\/03\/Ziua-Pamantului-26-martie-2022-2.jpg\"><img decoding=\"async\" loading=\"lazy\" class=\"alignnone size-large wp-image-1159\" src=\"http:\/\/atonix.ro\/wp-content\/uploads\/2022\/03\/Ziua-Pamantului-26-martie-2022-2-1024x768.jpg\" alt=\"Ziua Pamantului - 26 martie 2022 (2)\" width=\"565\" height=\"424\" srcset=\"http:\/\/atonix.ro\/wp-content\/uploads\/2022\/03\/Ziua-Pamantului-26-martie-2022-2-1024x768.jpg 1024w, http:\/\/atonix.ro\/wp-content\/uploads\/2022\/03\/Ziua-Pamantului-26-martie-2022-2-300x225.jpg 300w, http:\/\/atonix.ro\/wp-content\/uploads\/2022\/03\/Ziua-Pamantului-26-martie-2022-2.jpg 2048w\" sizes=\"(max-width: 565px) 100vw, 565px\" \/><\/a><\/p>\n<p>&nbsp;<\/p>\n","protected":false},"excerpt":{"rendered":"<p>a am celebrat ast\u0103zi \u201cOra P\u0103m\u00e2ntului\u201d! \u2b50\ufe0f Am fost peste 200 \u00een zona central\u0103, acolo unde am c\u00e2ntat, am prezentat semnifica\u021bia zilei, am stins luminile, \u00eens\u0103 am umplut cu lumina candelelor noastre ambientul! Am fost bine de 150 la prim\u0103rie, acolo unde am lansat cele 30 de lampioane spre cer! \u201cIubESC R\u00e2mnicu S\u0103rat\u201d a fost [&hellip;]<\/p>\n","protected":false},"author":2,"featured_media":1158,"comment_status":"open","ping_status":"open","sticky":false,"template":"","format":"standard","meta":[],"categories":[1],"tags":[],"_links":{"self":[{"href":"http:\/\/atonix.ro\/index.php?rest_route=\/wp\/v2\/posts\/1157"}],"collection":[{"href":"http:\/\/atonix.ro\/index.php?rest_route=\/wp\/v2\/posts"}],"about":[{"href":"http:\/\/atonix.ro\/index.php?rest_route=\/wp\/v2\/types\/post"}],"author":[{"embeddable":true,"href":"http:\/\/atonix.ro\/index.php?rest_route=\/wp\/v2\/users\/2"}],"replies":[{"embeddable":true,"href":"http:\/\/atonix.ro\/index.php?rest_route=%2Fwp%2Fv2%2Fcomments&post=1157"}],"version-history":[{"count":4,"href":"http:\/\/atonix.ro\/index.php?rest_route=\/wp\/v2\/posts\/1157\/revisions"}],"predecessor-version":[{"id":1172,"href":"http:\/\/atonix.ro\/index.php?rest_route=\/wp\/v2\/posts\/1157\/revisions\/1172"}],"wp:featuredmedia":[{"embeddable":true,"href":"http:\/\/atonix.ro\/index.php?rest_route=\/wp\/v2\/media\/1158"}],"wp:attachment":[{"href":"http:\/\/atonix.ro\/index.php?rest_route=%2Fwp%2Fv2%2Fmedia&parent=1157"}],"wp:term":[{"taxonomy":"category","embeddable":true,"href":"http:\/\/atonix.ro\/index.php?rest_route=%2Fwp%2Fv2%2Fcategories&post=1157"},{"taxonomy":"post_tag","embeddable":true,"href":"http:\/\/atonix.ro\/index.php?rest_route=%2Fwp%2Fv2%2Ftags&post=1157"}],"curies":[{"name":"wp","href":"https:\/\/api.w.org\/{rel}","templated":true}]}}